{"id":4044,"date":"2021-04-14T13:49:05","date_gmt":"2021-04-14T13:49:05","guid":{"rendered":"http:\/\/focolisboa.com\/foco2020\/uncategorized-pt\/lisbon-art-week-end-2019-1a-edicao\/"},"modified":"2021-04-17T15:59:53","modified_gmt":"2021-04-17T15:59:53","slug":"lisbon-art-week-end-2019-1a-edicao","status":"publish","type":"post","link":"https:\/\/galeriafoco.com\/pt\/news\/lisbon-art-week-end-2019-1a-edicao\/","title":{"rendered":"Lisbon Art Week End 2019- 1\u00aa Edi\u00e7\u00e3o"},"content":{"rendered":"","protected":false},"excerpt":{"rendered":"","protected":false},"author":1,"featured_media":0,"comment_status":"open","ping_status":"open","sticky":false,"template":"","format":"standard","meta":[],"categories":[28],"tags":[],"acf":{"link":{"link_text":"","link_url":""},"featured_image":{"ID":3491,"id":3491,"title":"Lisbon art week end","filename":"Lisbon-art-week-end.jpg","filesize":13936,"url":"https:\/\/galeriafoco.com\/wp-content\/uploads\/Lisbon-art-week-end.jpg","link":"https:\/\/galeriafoco.com\/pt\/news\/lisbon-art-week-end-2019-1a-edicao\/attachment\/lisbon-art-week-end-2\/","alt":"","author":"1","description":"","caption":"","name":"lisbon-art-week-end-2","status":"inherit","uploaded_to":4044,"date":"2021-04-14 17:48:18","modified":"2021-04-17 15:59:54","menu_order":0,"mime_type":"image\/jpeg","type":"image","subtype":"jpeg","icon":"https:\/\/galeriafoco.com\/wp-includes\/images\/media\/default.png","width":1240,"height":1754,"sizes":{"thumbnail":"https:\/\/galeriafoco.com\/wp-content\/uploads\/Lisbon-art-week-end-141x200.jpg","thumbnail-width":141,"thumbnail-height":200,"medium":"https:\/\/galeriafoco.com\/wp-content\/uploads\/Lisbon-art-week-end-353x500.jpg","medium-width":353,"medium-height":500,"medium_large":"https:\/\/galeriafoco.com\/wp-content\/uploads\/Lisbon-art-week-end-768x1086.jpg","medium_large-width":680,"medium_large-height":962,"large":"https:\/\/galeriafoco.com\/wp-content\/uploads\/Lisbon-art-week-end-778x1100.jpg","large-width":680,"large-height":961,"1536x1536":"https:\/\/galeriafoco.com\/wp-content\/uploads\/Lisbon-art-week-end-1086x1536.jpg","1536x1536-width":1086,"1536x1536-height":1536,"2048x2048":"https:\/\/galeriafoco.com\/wp-content\/uploads\/Lisbon-art-week-end.jpg","2048x2048-width":1240,"2048x2048-height":1754,"bones-thumb-1500":"https:\/\/galeriafoco.com\/wp-content\/uploads\/Lisbon-art-week-end-1240x1500.jpg","bones-thumb-1500-width":1240,"bones-thumb-1500-height":1500,"bones-thumb-950":"https:\/\/galeriafoco.com\/wp-content\/uploads\/Lisbon-art-week-end-950x950.jpg","bones-thumb-950-width":950,"bones-thumb-950-height":950}},"current":"Past","news_images":[{"acf_fc_layout":"one_image","image":{"ID":3494,"id":3494,"title":"lisbon_art_week_end_galeria_foco_patricia_keleher1","filename":"lisbon_art_week_end_galeria_foco_patricia_keleher1.jpg","filesize":51995,"url":"https:\/\/galeriafoco.com\/wp-content\/uploads\/lisbon_art_week_end_galeria_foco_patricia_keleher1.jpg","link":"https:\/\/galeriafoco.com\/pt\/news\/lisbon-art-week-end-2019-1a-edicao\/attachment\/lisbon_art_week_end_galeria_foco_patricia_keleher1-2\/","alt":"","author":"1","description":"","caption":"","name":"lisbon_art_week_end_galeria_foco_patricia_keleher1-2","status":"inherit","uploaded_to":4044,"date":"2021-04-14 17:53:30","modified":"2021-04-17 15:59:54","menu_order":0,"mime_type":"image\/jpeg","type":"image","subtype":"jpeg","icon":"https:\/\/galeriafoco.com\/wp-includes\/images\/media\/default.png","width":960,"height":639,"sizes":{"thumbnail":"https:\/\/galeriafoco.com\/wp-content\/uploads\/lisbon_art_week_end_galeria_foco_patricia_keleher1-200x133.jpg","thumbnail-width":200,"thumbnail-height":133,"medium":"https:\/\/galeriafoco.com\/wp-content\/uploads\/lisbon_art_week_end_galeria_foco_patricia_keleher1-500x333.jpg","medium-width":500,"medium-height":333,"medium_large":"https:\/\/galeriafoco.com\/wp-content\/uploads\/lisbon_art_week_end_galeria_foco_patricia_keleher1-768x511.jpg","medium_large-width":680,"medium_large-height":452,"large":"https:\/\/galeriafoco.com\/wp-content\/uploads\/lisbon_art_week_end_galeria_foco_patricia_keleher1.jpg","large-width":680,"large-height":453,"1536x1536":"https:\/\/galeriafoco.com\/wp-content\/uploads\/lisbon_art_week_end_galeria_foco_patricia_keleher1.jpg","1536x1536-width":960,"1536x1536-height":639,"2048x2048":"https:\/\/galeriafoco.com\/wp-content\/uploads\/lisbon_art_week_end_galeria_foco_patricia_keleher1.jpg","2048x2048-width":960,"2048x2048-height":639,"bones-thumb-1500":"https:\/\/galeriafoco.com\/wp-content\/uploads\/lisbon_art_week_end_galeria_foco_patricia_keleher1.jpg","bones-thumb-1500-width":960,"bones-thumb-1500-height":639,"bones-thumb-950":"https:\/\/galeriafoco.com\/wp-content\/uploads\/lisbon_art_week_end_galeria_foco_patricia_keleher1-950x639.jpg","bones-thumb-950-width":950,"bones-thumb-950-height":639}},"caption":""},{"acf_fc_layout":"two_images_left","image":{"ID":3496,"id":3496,"title":"lisbon_art_week_end_galeria_foco_patricia_keleher6","filename":"lisbon_art_week_end_galeria_foco_patricia_keleher6.jpg","filesize":407911,"url":"https:\/\/galeriafoco.com\/wp-content\/uploads\/lisbon_art_week_end_galeria_foco_patricia_keleher6.jpg","link":"https:\/\/galeriafoco.com\/pt\/news\/lisbon-art-week-end-2019-1a-edicao\/attachment\/lisbon_art_week_end_galeria_foco_patricia_keleher6-2\/","alt":"","author":"1","description":"","caption":"","name":"lisbon_art_week_end_galeria_foco_patricia_keleher6-2","status":"inherit","uploaded_to":4044,"date":"2021-04-14 17:53:54","modified":"2021-04-17 15:59:54","menu_order":0,"mime_type":"image\/jpeg","type":"image","subtype":"jpeg","icon":"https:\/\/galeriafoco.com\/wp-includes\/images\/media\/default.png","width":1344,"height":2016,"sizes":{"thumbnail":"https:\/\/galeriafoco.com\/wp-content\/uploads\/lisbon_art_week_end_galeria_foco_patricia_keleher6-133x200.jpg","thumbnail-width":133,"thumbnail-height":200,"medium":"https:\/\/galeriafoco.com\/wp-content\/uploads\/lisbon_art_week_end_galeria_foco_patricia_keleher6-333x500.jpg","medium-width":333,"medium-height":500,"medium_large":"https:\/\/galeriafoco.com\/wp-content\/uploads\/lisbon_art_week_end_galeria_foco_patricia_keleher6-768x1152.jpg","medium_large-width":680,"medium_large-height":1020,"large":"https:\/\/galeriafoco.com\/wp-content\/uploads\/lisbon_art_week_end_galeria_foco_patricia_keleher6-733x1100.jpg","large-width":680,"large-height":1020,"1536x1536":"https:\/\/galeriafoco.com\/wp-content\/uploads\/lisbon_art_week_end_galeria_foco_patricia_keleher6-1024x1536.jpg","1536x1536-width":1024,"1536x1536-height":1536,"2048x2048":"https:\/\/galeriafoco.com\/wp-content\/uploads\/lisbon_art_week_end_galeria_foco_patricia_keleher6.jpg","2048x2048-width":1344,"2048x2048-height":2016,"bones-thumb-1500":"https:\/\/galeriafoco.com\/wp-content\/uploads\/lisbon_art_week_end_galeria_foco_patricia_keleher6-1344x1500.jpg","bones-thumb-1500-width":1344,"bones-thumb-1500-height":1500,"bones-thumb-950":"https:\/\/galeriafoco.com\/wp-content\/uploads\/lisbon_art_week_end_galeria_foco_patricia_keleher6-950x950.jpg","bones-thumb-950-width":950,"bones-thumb-950-height":950}},"image_2":{"ID":3498,"id":3498,"title":"lisbon_art_week_end_galeria_foco_patricia_keleher4","filename":"lisbon_art_week_end_galeria_foco_patricia_keleher4.jpg","filesize":298930,"url":"https:\/\/galeriafoco.com\/wp-content\/uploads\/lisbon_art_week_end_galeria_foco_patricia_keleher4.jpg","link":"https:\/\/galeriafoco.com\/pt\/news\/lisbon-art-week-end-2019-1a-edicao\/attachment\/lisbon_art_week_end_galeria_foco_patricia_keleher4-2\/","alt":"","author":"1","description":"","caption":"","name":"lisbon_art_week_end_galeria_foco_patricia_keleher4-2","status":"inherit","uploaded_to":4044,"date":"2021-04-14 17:54:06","modified":"2021-04-17 15:59:54","menu_order":0,"mime_type":"image\/jpeg","type":"image","subtype":"jpeg","icon":"https:\/\/galeriafoco.com\/wp-includes\/images\/media\/default.png","width":1376,"height":2048,"sizes":{"thumbnail":"https:\/\/galeriafoco.com\/wp-content\/uploads\/lisbon_art_week_end_galeria_foco_patricia_keleher4-134x200.jpg","thumbnail-width":134,"thumbnail-height":200,"medium":"https:\/\/galeriafoco.com\/wp-content\/uploads\/lisbon_art_week_end_galeria_foco_patricia_keleher4-336x500.jpg","medium-width":336,"medium-height":500,"medium_large":"https:\/\/galeriafoco.com\/wp-content\/uploads\/lisbon_art_week_end_galeria_foco_patricia_keleher4-768x1143.jpg","medium_large-width":680,"medium_large-height":1012,"large":"https:\/\/galeriafoco.com\/wp-content\/uploads\/lisbon_art_week_end_galeria_foco_patricia_keleher4-739x1100.jpg","large-width":680,"large-height":1012,"1536x1536":"https:\/\/galeriafoco.com\/wp-content\/uploads\/lisbon_art_week_end_galeria_foco_patricia_keleher4-1032x1536.jpg","1536x1536-width":1032,"1536x1536-height":1536,"2048x2048":"https:\/\/galeriafoco.com\/wp-content\/uploads\/lisbon_art_week_end_galeria_foco_patricia_keleher4.jpg","2048x2048-width":1376,"2048x2048-height":2048,"bones-thumb-1500":"https:\/\/galeriafoco.com\/wp-content\/uploads\/lisbon_art_week_end_galeria_foco_patricia_keleher4-1376x1500.jpg","bones-thumb-1500-width":1376,"bones-thumb-1500-height":1500,"bones-thumb-950":"https:\/\/galeriafoco.com\/wp-content\/uploads\/lisbon_art_week_end_galeria_foco_patricia_keleher4-950x950.jpg","bones-thumb-950-width":950,"bones-thumb-950-height":950}},"caption":"","caption_2":""},{"acf_fc_layout":"one_image_center","image_center":{"ID":3500,"id":3500,"title":"lisbon_art_week_end_galeria_foco_patricia_keleher2","filename":"lisbon_art_week_end_galeria_foco_patricia_keleher2.jpg","filesize":110556,"url":"https:\/\/galeriafoco.com\/wp-content\/uploads\/lisbon_art_week_end_galeria_foco_patricia_keleher2.jpg","link":"https:\/\/galeriafoco.com\/pt\/news\/lisbon-art-week-end-2019-1a-edicao\/attachment\/lisbon_art_week_end_galeria_foco_patricia_keleher2-2\/","alt":"","author":"1","description":"","caption":"","name":"lisbon_art_week_end_galeria_foco_patricia_keleher2-2","status":"inherit","uploaded_to":4044,"date":"2021-04-14 17:54:28","modified":"2021-04-17 15:59:54","menu_order":0,"mime_type":"image\/jpeg","type":"image","subtype":"jpeg","icon":"https:\/\/galeriafoco.com\/wp-includes\/images\/media\/default.png","width":1200,"height":800,"sizes":{"thumbnail":"https:\/\/galeriafoco.com\/wp-content\/uploads\/lisbon_art_week_end_galeria_foco_patricia_keleher2-200x133.jpg","thumbnail-width":200,"thumbnail-height":133,"medium":"https:\/\/galeriafoco.com\/wp-content\/uploads\/lisbon_art_week_end_galeria_foco_patricia_keleher2-500x333.jpg","medium-width":500,"medium-height":333,"medium_large":"https:\/\/galeriafoco.com\/wp-content\/uploads\/lisbon_art_week_end_galeria_foco_patricia_keleher2-768x512.jpg","medium_large-width":680,"medium_large-height":453,"large":"https:\/\/galeriafoco.com\/wp-content\/uploads\/lisbon_art_week_end_galeria_foco_patricia_keleher2-1100x733.jpg","large-width":680,"large-height":453,"1536x1536":"https:\/\/galeriafoco.com\/wp-content\/uploads\/lisbon_art_week_end_galeria_foco_patricia_keleher2.jpg","1536x1536-width":1200,"1536x1536-height":800,"2048x2048":"https:\/\/galeriafoco.com\/wp-content\/uploads\/lisbon_art_week_end_galeria_foco_patricia_keleher2.jpg","2048x2048-width":1200,"2048x2048-height":800,"bones-thumb-1500":"https:\/\/galeriafoco.com\/wp-content\/uploads\/lisbon_art_week_end_galeria_foco_patricia_keleher2.jpg","bones-thumb-1500-width":1200,"bones-thumb-1500-height":800,"bones-thumb-950":"https:\/\/galeriafoco.com\/wp-content\/uploads\/lisbon_art_week_end_galeria_foco_patricia_keleher2-950x800.jpg","bones-thumb-950-width":950,"bones-thumb-950-height":800}},"caption":""}],"text":"<p>A Galeria Foco tem o prazer de apresentar <em>Within these lines I operate<\/em>\u00a0uma exposi\u00e7\u00e3o individual da artista Evy Jokhova para o Lisbon Art Weekend &#8211; 1\u00aa edi\u00e7\u00e3o.<br \/>\nCom a curadoria de Aude Vignac<\/p>\n<p>As obras dentro da exposi\u00e7\u00e3o exploram o conceito de &#8220;a grelha&#8221; como um dispositivo formal e ideol\u00f3gico. A artista bailarina Patricia Keleher interpretar\u00e1 os conceitos subjacentes \u00e0 exposi\u00e7\u00e3o atrav\u00e9s de uma sequ\u00eancia coreogr\u00e1fica criando um di\u00e1logo com as obras de arte e o p\u00fablico. O objectivo \u00e9 proporcionar ao p\u00fablico uma compreens\u00e3o mais profunda do trabalho da artista e iniciar uma conversa sobre os temas do formalismo, o corpo, o espa\u00e7o e o papel da mulher na arquitectura dom\u00e9stica.<\/p>\n<p>15 de Novembro 2019 a partir das 19h<\/p>\n<p><a href=\"https:\/\/www.lisbonartweekend.com\">https:\/\/www.lisbonartweekend.com<\/a><\/p>\n<p>Fotografias: Davide Ventrella<\/p>\n"},"yoast_head":"<!-- This site is optimized with the Yoast SEO plugin v19.11 - https:\/\/yoast.com\/wordpress\/plugins\/seo\/ -->\n<title>Galeria Foco &ndash; Lisbon Art Week End 2019- 1\u00aa Edi\u00e7\u00e3o<\/title>\n<meta name=\"description\" content=\"Foco Gallery is a nucleus and context for artistic and interdisciplinary engagement. Founded by Benjamin Gonthier, Foco Gallery promotes International and Portuguese artists working across media. Generating exhibitions, performances, and discourses, Foco Gallery remains contemporary.After four years of creation and presentation at Rua da Alegria in Lisbon, Foco Gallery is pleased to explore its new space in the city. \u2028A renovated car dealership now houses the main gallery, in the Intendente neighbourhood. The two floors connected by a car lift, and the massive window on the street give a new dimension to the gallery\u2019s projects.The original space at Rua da Alegria, will become the project space Focoff, with a parallel program that will be revealed soon\u2026\" \/>\n<meta name=\"robots\" content=\"index, follow, max-snippet:-1, max-image-preview:large, max-video-preview:-1\" \/>\n<link rel=\"canonical\" href=\"https:\/\/galeriafoco.com\/pt\/news\/lisbon-art-week-end-2019-1a-edicao\/\" \/>\n<meta property=\"og:locale\" content=\"pt_PT\" \/>\n<meta property=\"og:type\" content=\"article\" \/>\n<meta property=\"og:title\" content=\"Galeria Foco &ndash; Lisbon Art Week End 2019- 1\u00aa Edi\u00e7\u00e3o\" \/>\n<meta property=\"og:description\" content=\"Foco Gallery is a nucleus and context for artistic and interdisciplinary engagement. Founded by Benjamin Gonthier, Foco Gallery promotes International and Portuguese artists working across media. Generating exhibitions, performances, and discourses, Foco Gallery remains contemporary.After four years of creation and presentation at Rua da Alegria in Lisbon, Foco Gallery is pleased to explore its new space in the city. \u2028A renovated car dealership now houses the main gallery, in the Intendente neighbourhood. The two floors connected by a car lift, and the massive window on the street give a new dimension to the gallery\u2019s projects.The original space at Rua da Alegria, will become the project space Focoff, with a parallel program that will be revealed soon\u2026\" \/>\n<meta property=\"og:url\" content=\"https:\/\/galeriafoco.com\/pt\/news\/lisbon-art-week-end-2019-1a-edicao\/\" \/>\n<meta property=\"og:site_name\" content=\"Galeria Foco\" \/>\n<meta property=\"article:publisher\" content=\"https:\/\/www.facebook.com\/galeriafoco\" \/>\n<meta property=\"article:published_time\" content=\"2021-04-14T13:49:05+00:00\" \/>\n<meta property=\"article:modified_time\" content=\"2021-04-17T15:59:53+00:00\" \/>\n<meta property=\"og:image\" content=\"https:\/\/galeriafoco.com\/wp-content\/uploads\/01-1.jpg\" \/>\n\t<meta property=\"og:image:width\" content=\"2000\" \/>\n\t<meta property=\"og:image:height\" content=\"1333\" \/>\n\t<meta property=\"og:image:type\" content=\"image\/jpeg\" \/>\n<meta name=\"author\" content=\"Studio2424-Foco\" \/>\n<meta name=\"twitter:card\" content=\"summary_large_image\" \/>\n<meta name=\"twitter:label1\" content=\"Written by\" \/>\n\t<meta name=\"twitter:data1\" content=\"Studio2424-Foco\" \/>\n<script type=\"application\/ld+json\" class=\"yoast-schema-graph\">{\"@context\":\"https:\/\/schema.org\",\"@graph\":[{\"@type\":\"Article\",\"@id\":\"https:\/\/galeriafoco.com\/pt\/news\/lisbon-art-week-end-2019-1a-edicao\/#article\",\"isPartOf\":{\"@id\":\"https:\/\/galeriafoco.com\/pt\/news\/lisbon-art-week-end-2019-1a-edicao\/\"},\"author\":{\"name\":\"Studio2424-Foco\",\"@id\":\"https:\/\/galeriafoco.com\/pt\/#\/schema\/person\/d6e91bf1014b6642d405c820bf7826a4\"},\"headline\":\"Lisbon Art Week End 2019- 1\u00aa Edi\u00e7\u00e3o\",\"datePublished\":\"2021-04-14T13:49:05+00:00\",\"dateModified\":\"2021-04-17T15:59:53+00:00\",\"mainEntityOfPage\":{\"@id\":\"https:\/\/galeriafoco.com\/pt\/news\/lisbon-art-week-end-2019-1a-edicao\/\"},\"wordCount\":7,\"commentCount\":0,\"publisher\":{\"@id\":\"https:\/\/galeriafoco.com\/pt\/#organization\"},\"articleSection\":[\"News\"],\"inLanguage\":\"pt\",\"potentialAction\":[{\"@type\":\"CommentAction\",\"name\":\"Comment\",\"target\":[\"https:\/\/galeriafoco.com\/pt\/news\/lisbon-art-week-end-2019-1a-edicao\/#respond\"]}]},{\"@type\":\"WebPage\",\"@id\":\"https:\/\/galeriafoco.com\/pt\/news\/lisbon-art-week-end-2019-1a-edicao\/\",\"url\":\"https:\/\/galeriafoco.com\/pt\/news\/lisbon-art-week-end-2019-1a-edicao\/\",\"name\":\"Galeria Foco &ndash; Lisbon Art Week End 2019- 1\u00aa Edi\u00e7\u00e3o\",\"isPartOf\":{\"@id\":\"https:\/\/galeriafoco.com\/pt\/#website\"},\"datePublished\":\"2021-04-14T13:49:05+00:00\",\"dateModified\":\"2021-04-17T15:59:53+00:00\",\"description\":\"Foco Gallery is a nucleus and context for artistic and interdisciplinary engagement. Founded by Benjamin Gonthier, Foco Gallery promotes International and Portuguese artists working across media. Generating exhibitions, performances, and discourses, Foco Gallery remains contemporary.After four years of creation and presentation at Rua da Alegria in Lisbon, Foco Gallery is pleased to explore its new space in the city. \\u2028A renovated car dealership now houses the main gallery, in the Intendente neighbourhood. The two floors connected by a car lift, and the massive window on the street give a new dimension to the gallery\u2019s projects.The original space at Rua da Alegria, will become the project space Focoff, with a parallel program that will be revealed soon\u2026\",\"breadcrumb\":{\"@id\":\"https:\/\/galeriafoco.com\/pt\/news\/lisbon-art-week-end-2019-1a-edicao\/#breadcrumb\"},\"inLanguage\":\"pt\",\"potentialAction\":[{\"@type\":\"ReadAction\",\"target\":[\"https:\/\/galeriafoco.com\/pt\/news\/lisbon-art-week-end-2019-1a-edicao\/\"]}]},{\"@type\":\"BreadcrumbList\",\"@id\":\"https:\/\/galeriafoco.com\/pt\/news\/lisbon-art-week-end-2019-1a-edicao\/#breadcrumb\",\"itemListElement\":[{\"@type\":\"ListItem\",\"position\":1,\"name\":\"Home\",\"item\":\"https:\/\/galeriafoco.com\/pt\/\"},{\"@type\":\"ListItem\",\"position\":2,\"name\":\"Lisbon Art Week End 2019- 1\u00aa Edi\u00e7\u00e3o\"}]},{\"@type\":\"WebSite\",\"@id\":\"https:\/\/galeriafoco.com\/pt\/#website\",\"url\":\"https:\/\/galeriafoco.com\/pt\/\",\"name\":\"Galeria Foco\",\"description\":\"Contemporary art gallery Lisbon\",\"publisher\":{\"@id\":\"https:\/\/galeriafoco.com\/pt\/#organization\"},\"potentialAction\":[{\"@type\":\"SearchAction\",\"target\":{\"@type\":\"EntryPoint\",\"urlTemplate\":\"https:\/\/galeriafoco.com\/pt\/?s={search_term_string}\"},\"query-input\":\"required name=search_term_string\"}],\"inLanguage\":\"pt\"},{\"@type\":\"Organization\",\"@id\":\"https:\/\/galeriafoco.com\/pt\/#organization\",\"name\":\"Galerie Foco\",\"url\":\"https:\/\/galeriafoco.com\/pt\/\",\"logo\":{\"@type\":\"ImageObject\",\"inLanguage\":\"pt\",\"@id\":\"https:\/\/galeriafoco.com\/pt\/#\/schema\/logo\/image\/\",\"url\":\"https:\/\/galeriafoco.com\/wp-content\/uploads\/logo_foco.png\",\"contentUrl\":\"https:\/\/galeriafoco.com\/wp-content\/uploads\/logo_foco.png\",\"width\":9449,\"height\":9449,\"caption\":\"Galerie Foco\"},\"image\":{\"@id\":\"https:\/\/galeriafoco.com\/pt\/#\/schema\/logo\/image\/\"},\"sameAs\":[\"https:\/\/www.instagram.com\/galeriafoco\/\",\"https:\/\/www.facebook.com\/galeriafoco\"]},{\"@type\":\"Person\",\"@id\":\"https:\/\/galeriafoco.com\/pt\/#\/schema\/person\/d6e91bf1014b6642d405c820bf7826a4\",\"name\":\"Studio2424-Foco\",\"image\":{\"@type\":\"ImageObject\",\"inLanguage\":\"pt\",\"@id\":\"https:\/\/galeriafoco.com\/pt\/#\/schema\/person\/image\/\",\"url\":\"https:\/\/secure.gravatar.com\/avatar\/6abbc6dd46aebb98a108895d7930db07?s=96&d=mm&r=g\",\"contentUrl\":\"https:\/\/secure.gravatar.com\/avatar\/6abbc6dd46aebb98a108895d7930db07?s=96&d=mm&r=g\",\"caption\":\"Studio2424-Foco\"},\"sameAs\":[\"http:\/\/focolisboa.com\/foco2020\"]}]}<\/script>\n<!-- \/ Yoast SEO plugin. -->","yoast_head_json":{"title":"Galeria Foco &ndash; Lisbon Art Week End 2019- 1\u00aa Edi\u00e7\u00e3o","description":"Foco Gallery is a nucleus and context for artistic and interdisciplinary engagement. Founded by Benjamin Gonthier, Foco Gallery promotes International and Portuguese artists working across media. Generating exhibitions, performances, and discourses, Foco Gallery remains contemporary.After four years of creation and presentation at Rua da Alegria in Lisbon, Foco Gallery is pleased to explore its new space in the city. \u2028A renovated car dealership now houses the main gallery, in the Intendente neighbourhood. The two floors connected by a car lift, and the massive window on the street give a new dimension to the gallery\u2019s projects.The original space at Rua da Alegria, will become the project space Focoff, with a parallel program that will be revealed soon\u2026","robots":{"index":"index","follow":"follow","max-snippet":"max-snippet:-1","max-image-preview":"max-image-preview:large","max-video-preview":"max-video-preview:-1"},"canonical":"https:\/\/galeriafoco.com\/pt\/news\/lisbon-art-week-end-2019-1a-edicao\/","og_locale":"pt_PT","og_type":"article","og_title":"Galeria Foco &ndash; Lisbon Art Week End 2019- 1\u00aa Edi\u00e7\u00e3o","og_description":"Foco Gallery is a nucleus and context for artistic and interdisciplinary engagement. Founded by Benjamin Gonthier, Foco Gallery promotes International and Portuguese artists working across media. Generating exhibitions, performances, and discourses, Foco Gallery remains contemporary.After four years of creation and presentation at Rua da Alegria in Lisbon, Foco Gallery is pleased to explore its new space in the city. \u2028A renovated car dealership now houses the main gallery, in the Intendente neighbourhood. The two floors connected by a car lift, and the massive window on the street give a new dimension to the gallery\u2019s projects.The original space at Rua da Alegria, will become the project space Focoff, with a parallel program that will be revealed soon\u2026","og_url":"https:\/\/galeriafoco.com\/pt\/news\/lisbon-art-week-end-2019-1a-edicao\/","og_site_name":"Galeria Foco","article_publisher":"https:\/\/www.facebook.com\/galeriafoco","article_published_time":"2021-04-14T13:49:05+00:00","article_modified_time":"2021-04-17T15:59:53+00:00","og_image":[{"width":2000,"height":1333,"url":"https:\/\/galeriafoco.com\/wp-content\/uploads\/01-1.jpg","type":"image\/jpeg"}],"author":"Studio2424-Foco","twitter_card":"summary_large_image","twitter_misc":{"Written by":"Studio2424-Foco"},"schema":{"@context":"https:\/\/schema.org","@graph":[{"@type":"Article","@id":"https:\/\/galeriafoco.com\/pt\/news\/lisbon-art-week-end-2019-1a-edicao\/#article","isPartOf":{"@id":"https:\/\/galeriafoco.com\/pt\/news\/lisbon-art-week-end-2019-1a-edicao\/"},"author":{"name":"Studio2424-Foco","@id":"https:\/\/galeriafoco.com\/pt\/#\/schema\/person\/d6e91bf1014b6642d405c820bf7826a4"},"headline":"Lisbon Art Week End 2019- 1\u00aa Edi\u00e7\u00e3o","datePublished":"2021-04-14T13:49:05+00:00","dateModified":"2021-04-17T15:59:53+00:00","mainEntityOfPage":{"@id":"https:\/\/galeriafoco.com\/pt\/news\/lisbon-art-week-end-2019-1a-edicao\/"},"wordCount":7,"commentCount":0,"publisher":{"@id":"https:\/\/galeriafoco.com\/pt\/#organization"},"articleSection":["News"],"inLanguage":"pt","potentialAction":[{"@type":"CommentAction","name":"Comment","target":["https:\/\/galeriafoco.com\/pt\/news\/lisbon-art-week-end-2019-1a-edicao\/#respond"]}]},{"@type":"WebPage","@id":"https:\/\/galeriafoco.com\/pt\/news\/lisbon-art-week-end-2019-1a-edicao\/","url":"https:\/\/galeriafoco.com\/pt\/news\/lisbon-art-week-end-2019-1a-edicao\/","name":"Galeria Foco &ndash; Lisbon Art Week End 2019- 1\u00aa Edi\u00e7\u00e3o","isPartOf":{"@id":"https:\/\/galeriafoco.com\/pt\/#website"},"datePublished":"2021-04-14T13:49:05+00:00","dateModified":"2021-04-17T15:59:53+00:00","description":"Foco Gallery is a nucleus and context for artistic and interdisciplinary engagement. Founded by Benjamin Gonthier, Foco Gallery promotes International and Portuguese artists working across media. Generating exhibitions, performances, and discourses, Foco Gallery remains contemporary.After four years of creation and presentation at Rua da Alegria in Lisbon, Foco Gallery is pleased to explore its new space in the city. \u2028A renovated car dealership now houses the main gallery, in the Intendente neighbourhood. The two floors connected by a car lift, and the massive window on the street give a new dimension to the gallery\u2019s projects.The original space at Rua da Alegria, will become the project space Focoff, with a parallel program that will be revealed soon\u2026","breadcrumb":{"@id":"https:\/\/galeriafoco.com\/pt\/news\/lisbon-art-week-end-2019-1a-edicao\/#breadcrumb"},"inLanguage":"pt","potentialAction":[{"@type":"ReadAction","target":["https:\/\/galeriafoco.com\/pt\/news\/lisbon-art-week-end-2019-1a-edicao\/"]}]},{"@type":"BreadcrumbList","@id":"https:\/\/galeriafoco.com\/pt\/news\/lisbon-art-week-end-2019-1a-edicao\/#breadcrumb","itemListElement":[{"@type":"ListItem","position":1,"name":"Home","item":"https:\/\/galeriafoco.com\/pt\/"},{"@type":"ListItem","position":2,"name":"Lisbon Art Week End 2019- 1\u00aa Edi\u00e7\u00e3o"}]},{"@type":"WebSite","@id":"https:\/\/galeriafoco.com\/pt\/#website","url":"https:\/\/galeriafoco.com\/pt\/","name":"Galeria Foco","description":"Contemporary art gallery Lisbon","publisher":{"@id":"https:\/\/galeriafoco.com\/pt\/#organization"},"potentialAction":[{"@type":"SearchAction","target":{"@type":"EntryPoint","urlTemplate":"https:\/\/galeriafoco.com\/pt\/?s={search_term_string}"},"query-input":"required name=search_term_string"}],"inLanguage":"pt"},{"@type":"Organization","@id":"https:\/\/galeriafoco.com\/pt\/#organization","name":"Galerie Foco","url":"https:\/\/galeriafoco.com\/pt\/","logo":{"@type":"ImageObject","inLanguage":"pt","@id":"https:\/\/galeriafoco.com\/pt\/#\/schema\/logo\/image\/","url":"https:\/\/galeriafoco.com\/wp-content\/uploads\/logo_foco.png","contentUrl":"https:\/\/galeriafoco.com\/wp-content\/uploads\/logo_foco.png","width":9449,"height":9449,"caption":"Galerie Foco"},"image":{"@id":"https:\/\/galeriafoco.com\/pt\/#\/schema\/logo\/image\/"},"sameAs":["https:\/\/www.instagram.com\/galeriafoco\/","https:\/\/www.facebook.com\/galeriafoco"]},{"@type":"Person","@id":"https:\/\/galeriafoco.com\/pt\/#\/schema\/person\/d6e91bf1014b6642d405c820bf7826a4","name":"Studio2424-Foco","image":{"@type":"ImageObject","inLanguage":"pt","@id":"https:\/\/galeriafoco.com\/pt\/#\/schema\/person\/image\/","url":"https:\/\/secure.gravatar.com\/avatar\/6abbc6dd46aebb98a108895d7930db07?s=96&d=mm&r=g","contentUrl":"https:\/\/secure.gravatar.com\/avatar\/6abbc6dd46aebb98a108895d7930db07?s=96&d=mm&r=g","caption":"Studio2424-Foco"},"sameAs":["http:\/\/focolisboa.com\/foco2020"]}]}},"cats":[{"term_id":28,"name":"News","slug":"news","term_group":0,"term_taxonomy_id":28,"taxonomy":"category","description":"","parent":0,"count":22,"filter":"raw","cat_ID":28,"category_count":22,"category_description":"","cat_name":"News","category_nicename":"news","category_parent":0}],"next_post":4050,"previous_post":4043,"_links":{"self":[{"href":"https:\/\/galeriafoco.com\/pt\/wp-json\/wp\/v2\/posts\/4044"}],"collection":[{"href":"https:\/\/galeriafoco.com\/pt\/wp-json\/wp\/v2\/posts"}],"about":[{"href":"https:\/\/galeriafoco.com\/pt\/wp-json\/wp\/v2\/types\/post"}],"author":[{"embeddable":true,"href":"https:\/\/galeriafoco.com\/pt\/wp-json\/wp\/v2\/users\/1"}],"replies":[{"embeddable":true,"href":"https:\/\/galeriafoco.com\/pt\/wp-json\/wp\/v2\/comments?post=4044"}],"version-history":[{"count":1,"href":"https:\/\/galeriafoco.com\/pt\/wp-json\/wp\/v2\/posts\/4044\/revisions"}],"predecessor-version":[{"id":4049,"href":"https:\/\/galeriafoco.com\/pt\/wp-json\/wp\/v2\/posts\/4044\/revisions\/4049"}],"wp:attachment":[{"href":"https:\/\/galeriafoco.com\/pt\/wp-json\/wp\/v2\/media?parent=4044"}],"wp:term":[{"taxonomy":"category","embeddable":true,"href":"https:\/\/galeriafoco.com\/pt\/wp-json\/wp\/v2\/categories?post=4044"},{"taxonomy":"post_tag","embeddable":true,"href":"https:\/\/galeriafoco.com\/pt\/wp-json\/wp\/v2\/tags?post=4044"}],"curies":[{"name":"wp","href":"https:\/\/api.w.org\/{rel}","templated":true}]}}