{"id":4066,"date":"2021-04-13T22:37:39","date_gmt":"2021-04-13T22:37:39","guid":{"rendered":"http:\/\/focolisboa.com\/foco2020\/uncategorized-pt\/anacronismo-nao-datado\/"},"modified":"2021-04-13T22:37:39","modified_gmt":"2021-04-13T22:37:39","slug":"anacronismo-nao-datado","status":"publish","type":"post","link":"https:\/\/galeriafoco.com\/pt\/exhibitions\/anacronismo-nao-datado\/","title":{"rendered":"Anacronismo N\u00e3o Datado"},"content":{"rendered":"","protected":false},"excerpt":{"rendered":"","protected":false},"author":1,"featured_media":0,"comment_status":"open","ping_status":"open","sticky":false,"template":"","format":"standard","meta":[],"categories":[31],"tags":[],"acf":{"images":[{"acf_fc_layout":"one_image","image":{"ID":3164,"id":3164,"title":"S1-1200x675","filename":"S1-1200x675-1.jpg","filesize":128389,"url":"https:\/\/galeriafoco.com\/wp-content\/uploads\/S1-1200x675-1.jpg","link":"https:\/\/galeriafoco.com\/pt\/exhibitions\/anacronismo-nao-datado\/attachment\/s1-1200x675-2\/","alt":"","author":"1","description":"","caption":"","name":"s1-1200x675-2","status":"inherit","uploaded_to":4066,"date":"2021-04-13 22:36:02","modified":"2021-04-17 20:17:58","menu_order":0,"mime_type":"image\/jpeg","type":"image","subtype":"jpeg","icon":"https:\/\/galeriafoco.com\/wp-includes\/images\/media\/default.png","width":1200,"height":675,"sizes":{"thumbnail":"https:\/\/galeriafoco.com\/wp-content\/uploads\/S1-1200x675-1-200x113.jpg","thumbnail-width":200,"thumbnail-height":113,"medium":"https:\/\/galeriafoco.com\/wp-content\/uploads\/S1-1200x675-1-500x281.jpg","medium-width":500,"medium-height":281,"medium_large":"https:\/\/galeriafoco.com\/wp-content\/uploads\/S1-1200x675-1-768x432.jpg","medium_large-width":680,"medium_large-height":383,"large":"https:\/\/galeriafoco.com\/wp-content\/uploads\/S1-1200x675-1-1100x619.jpg","large-width":680,"large-height":383,"1536x1536":"https:\/\/galeriafoco.com\/wp-content\/uploads\/S1-1200x675-1.jpg","1536x1536-width":1200,"1536x1536-height":675,"2048x2048":"https:\/\/galeriafoco.com\/wp-content\/uploads\/S1-1200x675-1.jpg","2048x2048-width":1200,"2048x2048-height":675,"bones-thumb-1500":"https:\/\/galeriafoco.com\/wp-content\/uploads\/S1-1200x675-1.jpg","bones-thumb-1500-width":1200,"bones-thumb-1500-height":675,"bones-thumb-950":"https:\/\/galeriafoco.com\/wp-content\/uploads\/S1-1200x675-1-950x675.jpg","bones-thumb-950-width":950,"bones-thumb-950-height":675}},"caption":"<p>Vista de Exposi\u00e7\u00e3o<\/p>\n"},{"acf_fc_layout":"two_images_center","image":{"ID":2741,"id":2741,"title":"tomas_abreu","filename":"tomas_abreu-scaled.jpg","filesize":1170266,"url":"https:\/\/galeriafoco.com\/wp-content\/uploads\/tomas_abreu-scaled.jpg","link":"https:\/\/galeriafoco.com\/pt\/artists\/tomas-abreu\/attachment\/tomas_abreu-2\/","alt":"","author":"2","description":"","caption":"","name":"tomas_abreu-2","status":"inherit","uploaded_to":4129,"date":"2021-04-13 11:34:14","modified":"2021-04-18 08:28:38","menu_order":0,"mime_type":"image\/jpeg","type":"image","subtype":"jpeg","icon":"https:\/\/galeriafoco.com\/wp-includes\/images\/media\/default.png","width":2200,"height":1467,"sizes":{"thumbnail":"https:\/\/galeriafoco.com\/wp-content\/uploads\/tomas_abreu-200x133.jpg","thumbnail-width":200,"thumbnail-height":133,"medium":"https:\/\/galeriafoco.com\/wp-content\/uploads\/tomas_abreu-500x333.jpg","medium-width":500,"medium-height":333,"medium_large":"https:\/\/galeriafoco.com\/wp-content\/uploads\/tomas_abreu-768x512.jpg","medium_large-width":680,"medium_large-height":453,"large":"https:\/\/galeriafoco.com\/wp-content\/uploads\/tomas_abreu-1100x733.jpg","large-width":680,"large-height":453,"1536x1536":"https:\/\/galeriafoco.com\/wp-content\/uploads\/tomas_abreu-1536x1024.jpg","1536x1536-width":1536,"1536x1536-height":1024,"2048x2048":"https:\/\/galeriafoco.com\/wp-content\/uploads\/tomas_abreu-2048x1365.jpg","2048x2048-width":2048,"2048x2048-height":1365,"bones-thumb-1500":"https:\/\/galeriafoco.com\/wp-content\/uploads\/tomas_abreu-1500x1500.jpg","bones-thumb-1500-width":1500,"bones-thumb-1500-height":1500,"bones-thumb-950":"https:\/\/galeriafoco.com\/wp-content\/uploads\/tomas_abreu-950x950.jpg","bones-thumb-950-width":950,"bones-thumb-950-height":950}},"image_2":{"ID":2733,"id":2733,"title":"tomas_abreu_01","filename":"tomas_abreu_01-scaled.jpg","filesize":1402207,"url":"https:\/\/galeriafoco.com\/wp-content\/uploads\/tomas_abreu_01-scaled.jpg","link":"https:\/\/galeriafoco.com\/pt\/artists\/tomas-abreu\/attachment\/tomas_abreu_01-2\/","alt":"","author":"2","description":"","caption":"","name":"tomas_abreu_01-2","status":"inherit","uploaded_to":4129,"date":"2021-04-13 11:33:50","modified":"2021-04-18 08:28:38","menu_order":0,"mime_type":"image\/jpeg","type":"image","subtype":"jpeg","icon":"https:\/\/galeriafoco.com\/wp-includes\/images\/media\/default.png","width":2200,"height":1467,"sizes":{"thumbnail":"https:\/\/galeriafoco.com\/wp-content\/uploads\/tomas_abreu_01-200x133.jpg","thumbnail-width":200,"thumbnail-height":133,"medium":"https:\/\/galeriafoco.com\/wp-content\/uploads\/tomas_abreu_01-500x333.jpg","medium-width":500,"medium-height":333,"medium_large":"https:\/\/galeriafoco.com\/wp-content\/uploads\/tomas_abreu_01-768x512.jpg","medium_large-width":680,"medium_large-height":453,"large":"https:\/\/galeriafoco.com\/wp-content\/uploads\/tomas_abreu_01-1100x733.jpg","large-width":680,"large-height":453,"1536x1536":"https:\/\/galeriafoco.com\/wp-content\/uploads\/tomas_abreu_01-1536x1024.jpg","1536x1536-width":1536,"1536x1536-height":1024,"2048x2048":"https:\/\/galeriafoco.com\/wp-content\/uploads\/tomas_abreu_01-2048x1365.jpg","2048x2048-width":2048,"2048x2048-height":1365,"bones-thumb-1500":"https:\/\/galeriafoco.com\/wp-content\/uploads\/tomas_abreu_01-1500x1500.jpg","bones-thumb-1500-width":1500,"bones-thumb-1500-height":1500,"bones-thumb-950":"https:\/\/galeriafoco.com\/wp-content\/uploads\/tomas_abreu_01-950x950.jpg","bones-thumb-950-width":950,"bones-thumb-950-height":950}},"caption":"<p>Vista de Exposi\u00e7\u00e3o<\/p>\n","caption_2":"<p>Vista de Exposi\u00e7\u00e3o<\/p>\n"},{"acf_fc_layout":"one_image_center","image_center":{"ID":2739,"id":2739,"title":"tomas_abreu_04","filename":"tomas_abreu_04-scaled.jpg","filesize":1704617,"url":"https:\/\/galeriafoco.com\/wp-content\/uploads\/tomas_abreu_04-scaled.jpg","link":"https:\/\/galeriafoco.com\/pt\/artists\/tomas-abreu\/attachment\/tomas_abreu_04-2\/","alt":"","author":"2","description":"","caption":"","name":"tomas_abreu_04-2","status":"inherit","uploaded_to":4129,"date":"2021-04-13 11:34:08","modified":"2021-04-18 08:28:38","menu_order":0,"mime_type":"image\/jpeg","type":"image","subtype":"jpeg","icon":"https:\/\/galeriafoco.com\/wp-includes\/images\/media\/default.png","width":2200,"height":1467,"sizes":{"thumbnail":"https:\/\/galeriafoco.com\/wp-content\/uploads\/tomas_abreu_04-200x133.jpg","thumbnail-width":200,"thumbnail-height":133,"medium":"https:\/\/galeriafoco.com\/wp-content\/uploads\/tomas_abreu_04-500x333.jpg","medium-width":500,"medium-height":333,"medium_large":"https:\/\/galeriafoco.com\/wp-content\/uploads\/tomas_abreu_04-768x512.jpg","medium_large-width":680,"medium_large-height":453,"large":"https:\/\/galeriafoco.com\/wp-content\/uploads\/tomas_abreu_04-1100x733.jpg","large-width":680,"large-height":453,"1536x1536":"https:\/\/galeriafoco.com\/wp-content\/uploads\/tomas_abreu_04-1536x1024.jpg","1536x1536-width":1536,"1536x1536-height":1024,"2048x2048":"https:\/\/galeriafoco.com\/wp-content\/uploads\/tomas_abreu_04-2048x1365.jpg","2048x2048-width":2048,"2048x2048-height":1365,"bones-thumb-1500":"https:\/\/galeriafoco.com\/wp-content\/uploads\/tomas_abreu_04-1500x1500.jpg","bones-thumb-1500-width":1500,"bones-thumb-1500-height":1500,"bones-thumb-950":"https:\/\/galeriafoco.com\/wp-content\/uploads\/tomas_abreu_04-950x950.jpg","bones-thumb-950-width":950,"bones-thumb-950-height":950}},"caption":"<p>Vista de Exposi\u00e7\u00e3o<\/p>\n"},{"acf_fc_layout":"two_images_left","image":{"ID":2737,"id":2737,"title":"tomas_abreu_03","filename":"tomas_abreu_03-scaled.jpg","filesize":1708400,"url":"https:\/\/galeriafoco.com\/wp-content\/uploads\/tomas_abreu_03-scaled.jpg","link":"https:\/\/galeriafoco.com\/pt\/artists\/tomas-abreu\/attachment\/tomas_abreu_03-2\/","alt":"","author":"2","description":"","caption":"","name":"tomas_abreu_03-2","status":"inherit","uploaded_to":4129,"date":"2021-04-13 11:34:02","modified":"2021-04-18 08:28:38","menu_order":0,"mime_type":"image\/jpeg","type":"image","subtype":"jpeg","icon":"https:\/\/galeriafoco.com\/wp-includes\/images\/media\/default.png","width":2200,"height":1467,"sizes":{"thumbnail":"https:\/\/galeriafoco.com\/wp-content\/uploads\/tomas_abreu_03-200x133.jpg","thumbnail-width":200,"thumbnail-height":133,"medium":"https:\/\/galeriafoco.com\/wp-content\/uploads\/tomas_abreu_03-500x333.jpg","medium-width":500,"medium-height":333,"medium_large":"https:\/\/galeriafoco.com\/wp-content\/uploads\/tomas_abreu_03-768x512.jpg","medium_large-width":680,"medium_large-height":453,"large":"https:\/\/galeriafoco.com\/wp-content\/uploads\/tomas_abreu_03-1100x733.jpg","large-width":680,"large-height":453,"1536x1536":"https:\/\/galeriafoco.com\/wp-content\/uploads\/tomas_abreu_03-1536x1024.jpg","1536x1536-width":1536,"1536x1536-height":1024,"2048x2048":"https:\/\/galeriafoco.com\/wp-content\/uploads\/tomas_abreu_03-2048x1365.jpg","2048x2048-width":2048,"2048x2048-height":1365,"bones-thumb-1500":"https:\/\/galeriafoco.com\/wp-content\/uploads\/tomas_abreu_03-1500x1500.jpg","bones-thumb-1500-width":1500,"bones-thumb-1500-height":1500,"bones-thumb-950":"https:\/\/galeriafoco.com\/wp-content\/uploads\/tomas_abreu_03-950x950.jpg","bones-thumb-950-width":950,"bones-thumb-950-height":950}},"image_2":{"ID":2735,"id":2735,"title":"tomas_abreu_02","filename":"tomas_abreu_02-scaled.jpg","filesize":1923055,"url":"https:\/\/galeriafoco.com\/wp-content\/uploads\/tomas_abreu_02-scaled.jpg","link":"https:\/\/galeriafoco.com\/pt\/artists\/tomas-abreu\/attachment\/tomas_abreu_02-2\/","alt":"","author":"2","description":"","caption":"","name":"tomas_abreu_02-2","status":"inherit","uploaded_to":4129,"date":"2021-04-13 11:33:56","modified":"2021-04-18 08:28:38","menu_order":0,"mime_type":"image\/jpeg","type":"image","subtype":"jpeg","icon":"https:\/\/galeriafoco.com\/wp-includes\/images\/media\/default.png","width":2200,"height":1467,"sizes":{"thumbnail":"https:\/\/galeriafoco.com\/wp-content\/uploads\/tomas_abreu_02-200x133.jpg","thumbnail-width":200,"thumbnail-height":133,"medium":"https:\/\/galeriafoco.com\/wp-content\/uploads\/tomas_abreu_02-500x333.jpg","medium-width":500,"medium-height":333,"medium_large":"https:\/\/galeriafoco.com\/wp-content\/uploads\/tomas_abreu_02-768x512.jpg","medium_large-width":680,"medium_large-height":453,"large":"https:\/\/galeriafoco.com\/wp-content\/uploads\/tomas_abreu_02-1100x733.jpg","large-width":680,"large-height":453,"1536x1536":"https:\/\/galeriafoco.com\/wp-content\/uploads\/tomas_abreu_02-1536x1024.jpg","1536x1536-width":1536,"1536x1536-height":1024,"2048x2048":"https:\/\/galeriafoco.com\/wp-content\/uploads\/tomas_abreu_02-2048x1365.jpg","2048x2048-width":2048,"2048x2048-height":1365,"bones-thumb-1500":"https:\/\/galeriafoco.com\/wp-content\/uploads\/tomas_abreu_02-1500x1500.jpg","bones-thumb-1500-width":1500,"bones-thumb-1500-height":1500,"bones-thumb-950":"https:\/\/galeriafoco.com\/wp-content\/uploads\/tomas_abreu_02-950x950.jpg","bones-thumb-950-width":950,"bones-thumb-950-height":950}},"caption":"<p>Vista de Exposi\u00e7\u00e3o<\/p>\n","caption_2":"<p>Vista de Exposi\u00e7\u00e3o<\/p>\n"}],"link":{"link_text":"","link_url":""},"exhibition_dates":{"start_date":"07\/12\/18","end_date":"05\/01\/19"},"featured_image":{"ID":3164,"id":3164,"title":"S1-1200x675","filename":"S1-1200x675-1.jpg","filesize":128389,"url":"https:\/\/galeriafoco.com\/wp-content\/uploads\/S1-1200x675-1.jpg","link":"https:\/\/galeriafoco.com\/pt\/exhibitions\/anacronismo-nao-datado\/attachment\/s1-1200x675-2\/","alt":"","author":"1","description":"","caption":"","name":"s1-1200x675-2","status":"inherit","uploaded_to":4066,"date":"2021-04-13 22:36:02","modified":"2021-04-17 20:17:58","menu_order":0,"mime_type":"image\/jpeg","type":"image","subtype":"jpeg","icon":"https:\/\/galeriafoco.com\/wp-includes\/images\/media\/default.png","width":1200,"height":675,"sizes":{"thumbnail":"https:\/\/galeriafoco.com\/wp-content\/uploads\/S1-1200x675-1-200x113.jpg","thumbnail-width":200,"thumbnail-height":113,"medium":"https:\/\/galeriafoco.com\/wp-content\/uploads\/S1-1200x675-1-500x281.jpg","medium-width":500,"medium-height":281,"medium_large":"https:\/\/galeriafoco.com\/wp-content\/uploads\/S1-1200x675-1-768x432.jpg","medium_large-width":680,"medium_large-height":383,"large":"https:\/\/galeriafoco.com\/wp-content\/uploads\/S1-1200x675-1-1100x619.jpg","large-width":680,"large-height":383,"1536x1536":"https:\/\/galeriafoco.com\/wp-content\/uploads\/S1-1200x675-1.jpg","1536x1536-width":1200,"1536x1536-height":675,"2048x2048":"https:\/\/galeriafoco.com\/wp-content\/uploads\/S1-1200x675-1.jpg","2048x2048-width":1200,"2048x2048-height":675,"bones-thumb-1500":"https:\/\/galeriafoco.com\/wp-content\/uploads\/S1-1200x675-1.jpg","bones-thumb-1500-width":1200,"bones-thumb-1500-height":675,"bones-thumb-950":"https:\/\/galeriafoco.com\/wp-content\/uploads\/S1-1200x675-1-950x675.jpg","bones-thumb-950-width":950,"bones-thumb-950-height":675}},"current":"Past","file_upload":false,"text":"<p><em>Anacronismo N\u00e3o Datado<\/em><br \/>\nExposi\u00e7\u00e3o individual de Tom\u00e1s Abreu<\/p>\n","Exhibition_s_artist":[{"ID":4129,"post_author":"2","post_date":"2021-04-13 11:35:28","post_date_gmt":"2021-04-13 11:35:28","post_content":"","post_title":"T\u00f3mas Abreu","post_excerpt":"","post_status":"publish","comment_status":"open","ping_status":"open","post_password":"","post_name":"tomas-abreu","to_ping":"","pinged":"","post_modified":"2021-04-18 09:07:46","post_modified_gmt":"2021-04-18 09:07:46","post_content_filtered":"","post_parent":0,"guid":"http:\/\/focolisboa.com\/foco2020\/?post_type=artist_type&#038;p=4129","menu_order":0,"post_type":"artist_type","post_mime_type":"","comment_count":"0","filter":"raw"}]},"yoast_head":"<!-- This site is optimized with the Yoast SEO plugin v19.11 - https:\/\/yoast.com\/wordpress\/plugins\/seo\/ -->\n<title>Galeria Foco &ndash; Anacronismo N\u00e3o Datado<\/title>\n<meta name=\"description\" content=\"Foco Gallery is a nucleus and context for artistic and interdisciplinary engagement. Founded by Benjamin Gonthier, Foco Gallery promotes International and Portuguese artists working across media. Generating exhibitions, performances, and discourses, Foco Gallery remains contemporary.After four years of creation and presentation at Rua da Alegria in Lisbon, Foco Gallery is pleased to explore its new space in the city. \u2028A renovated car dealership now houses the main gallery, in the Intendente neighbourhood. The two floors connected by a car lift, and the massive window on the street give a new dimension to the gallery\u2019s projects.The original space at Rua da Alegria, will become the project space Focoff, with a parallel program that will be revealed soon\u2026\" \/>\n<meta name=\"robots\" content=\"index, follow, max-snippet:-1, max-image-preview:large, max-video-preview:-1\" \/>\n<link rel=\"canonical\" href=\"https:\/\/galeriafoco.com\/pt\/exhibitions\/anacronismo-nao-datado\/\" \/>\n<meta property=\"og:locale\" content=\"pt_PT\" \/>\n<meta property=\"og:type\" content=\"article\" \/>\n<meta property=\"og:title\" content=\"Galeria Foco &ndash; Anacronismo N\u00e3o Datado\" \/>\n<meta property=\"og:description\" content=\"Foco Gallery is a nucleus and context for artistic and interdisciplinary engagement. Founded by Benjamin Gonthier, Foco Gallery promotes International and Portuguese artists working across media. Generating exhibitions, performances, and discourses, Foco Gallery remains contemporary.After four years of creation and presentation at Rua da Alegria in Lisbon, Foco Gallery is pleased to explore its new space in the city. \u2028A renovated car dealership now houses the main gallery, in the Intendente neighbourhood. The two floors connected by a car lift, and the massive window on the street give a new dimension to the gallery\u2019s projects.The original space at Rua da Alegria, will become the project space Focoff, with a parallel program that will be revealed soon\u2026\" \/>\n<meta property=\"og:url\" content=\"https:\/\/galeriafoco.com\/pt\/exhibitions\/anacronismo-nao-datado\/\" \/>\n<meta property=\"og:site_name\" content=\"Galeria Foco\" \/>\n<meta property=\"article:publisher\" content=\"https:\/\/www.facebook.com\/galeriafoco\" \/>\n<meta property=\"article:published_time\" content=\"2021-04-13T22:37:39+00:00\" \/>\n<meta property=\"og:image\" content=\"https:\/\/galeriafoco.com\/wp-content\/uploads\/01-1.jpg\" \/>\n\t<meta property=\"og:image:width\" content=\"2000\" \/>\n\t<meta property=\"og:image:height\" content=\"1333\" \/>\n\t<meta property=\"og:image:type\" content=\"image\/jpeg\" \/>\n<meta name=\"author\" content=\"Studio2424-Foco\" \/>\n<meta name=\"twitter:card\" content=\"summary_large_image\" \/>\n<meta name=\"twitter:label1\" content=\"Written by\" \/>\n\t<meta name=\"twitter:data1\" content=\"Studio2424-Foco\" \/>\n<script type=\"application\/ld+json\" class=\"yoast-schema-graph\">{\"@context\":\"https:\/\/schema.org\",\"@graph\":[{\"@type\":\"Article\",\"@id\":\"https:\/\/galeriafoco.com\/pt\/exhibitions\/anacronismo-nao-datado\/#article\",\"isPartOf\":{\"@id\":\"https:\/\/galeriafoco.com\/pt\/exhibitions\/anacronismo-nao-datado\/\"},\"author\":{\"name\":\"Studio2424-Foco\",\"@id\":\"https:\/\/galeriafoco.com\/pt\/#\/schema\/person\/d6e91bf1014b6642d405c820bf7826a4\"},\"headline\":\"Anacronismo N\u00e3o Datado\",\"datePublished\":\"2021-04-13T22:37:39+00:00\",\"dateModified\":\"2021-04-13T22:37:39+00:00\",\"mainEntityOfPage\":{\"@id\":\"https:\/\/galeriafoco.com\/pt\/exhibitions\/anacronismo-nao-datado\/\"},\"wordCount\":4,\"commentCount\":0,\"publisher\":{\"@id\":\"https:\/\/galeriafoco.com\/pt\/#organization\"},\"articleSection\":[\"Exhibitions\"],\"inLanguage\":\"pt\",\"potentialAction\":[{\"@type\":\"CommentAction\",\"name\":\"Comment\",\"target\":[\"https:\/\/galeriafoco.com\/pt\/exhibitions\/anacronismo-nao-datado\/#respond\"]}]},{\"@type\":\"WebPage\",\"@id\":\"https:\/\/galeriafoco.com\/pt\/exhibitions\/anacronismo-nao-datado\/\",\"url\":\"https:\/\/galeriafoco.com\/pt\/exhibitions\/anacronismo-nao-datado\/\",\"name\":\"Galeria Foco &ndash; Anacronismo N\u00e3o Datado\",\"isPartOf\":{\"@id\":\"https:\/\/galeriafoco.com\/pt\/#website\"},\"datePublished\":\"2021-04-13T22:37:39+00:00\",\"dateModified\":\"2021-04-13T22:37:39+00:00\",\"description\":\"Foco Gallery is a nucleus and context for artistic and interdisciplinary engagement. Founded by Benjamin Gonthier, Foco Gallery promotes International and Portuguese artists working across media. Generating exhibitions, performances, and discourses, Foco Gallery remains contemporary.After four years of creation and presentation at Rua da Alegria in Lisbon, Foco Gallery is pleased to explore its new space in the city. \\u2028A renovated car dealership now houses the main gallery, in the Intendente neighbourhood. The two floors connected by a car lift, and the massive window on the street give a new dimension to the gallery\u2019s projects.The original space at Rua da Alegria, will become the project space Focoff, with a parallel program that will be revealed soon\u2026\",\"breadcrumb\":{\"@id\":\"https:\/\/galeriafoco.com\/pt\/exhibitions\/anacronismo-nao-datado\/#breadcrumb\"},\"inLanguage\":\"pt\",\"potentialAction\":[{\"@type\":\"ReadAction\",\"target\":[\"https:\/\/galeriafoco.com\/pt\/exhibitions\/anacronismo-nao-datado\/\"]}]},{\"@type\":\"BreadcrumbList\",\"@id\":\"https:\/\/galeriafoco.com\/pt\/exhibitions\/anacronismo-nao-datado\/#breadcrumb\",\"itemListElement\":[{\"@type\":\"ListItem\",\"position\":1,\"name\":\"Home\",\"item\":\"https:\/\/galeriafoco.com\/pt\/\"},{\"@type\":\"ListItem\",\"position\":2,\"name\":\"Anacronismo N\u00e3o Datado\"}]},{\"@type\":\"WebSite\",\"@id\":\"https:\/\/galeriafoco.com\/pt\/#website\",\"url\":\"https:\/\/galeriafoco.com\/pt\/\",\"name\":\"Galeria Foco\",\"description\":\"Contemporary art gallery Lisbon\",\"publisher\":{\"@id\":\"https:\/\/galeriafoco.com\/pt\/#organization\"},\"potentialAction\":[{\"@type\":\"SearchAction\",\"target\":{\"@type\":\"EntryPoint\",\"urlTemplate\":\"https:\/\/galeriafoco.com\/pt\/?s={search_term_string}\"},\"query-input\":\"required name=search_term_string\"}],\"inLanguage\":\"pt\"},{\"@type\":\"Organization\",\"@id\":\"https:\/\/galeriafoco.com\/pt\/#organization\",\"name\":\"Galerie Foco\",\"url\":\"https:\/\/galeriafoco.com\/pt\/\",\"logo\":{\"@type\":\"ImageObject\",\"inLanguage\":\"pt\",\"@id\":\"https:\/\/galeriafoco.com\/pt\/#\/schema\/logo\/image\/\",\"url\":\"https:\/\/galeriafoco.com\/wp-content\/uploads\/logo_foco.png\",\"contentUrl\":\"https:\/\/galeriafoco.com\/wp-content\/uploads\/logo_foco.png\",\"width\":9449,\"height\":9449,\"caption\":\"Galerie Foco\"},\"image\":{\"@id\":\"https:\/\/galeriafoco.com\/pt\/#\/schema\/logo\/image\/\"},\"sameAs\":[\"https:\/\/www.instagram.com\/galeriafoco\/\",\"https:\/\/www.facebook.com\/galeriafoco\"]},{\"@type\":\"Person\",\"@id\":\"https:\/\/galeriafoco.com\/pt\/#\/schema\/person\/d6e91bf1014b6642d405c820bf7826a4\",\"name\":\"Studio2424-Foco\",\"image\":{\"@type\":\"ImageObject\",\"inLanguage\":\"pt\",\"@id\":\"https:\/\/galeriafoco.com\/pt\/#\/schema\/person\/image\/\",\"url\":\"https:\/\/secure.gravatar.com\/avatar\/6abbc6dd46aebb98a108895d7930db07?s=96&d=mm&r=g\",\"contentUrl\":\"https:\/\/secure.gravatar.com\/avatar\/6abbc6dd46aebb98a108895d7930db07?s=96&d=mm&r=g\",\"caption\":\"Studio2424-Foco\"},\"sameAs\":[\"http:\/\/focolisboa.com\/foco2020\"]}]}<\/script>\n<!-- \/ Yoast SEO plugin. -->","yoast_head_json":{"title":"Galeria Foco &ndash; Anacronismo N\u00e3o Datado","description":"Foco Gallery is a nucleus and context for artistic and interdisciplinary engagement. Founded by Benjamin Gonthier, Foco Gallery promotes International and Portuguese artists working across media. Generating exhibitions, performances, and discourses, Foco Gallery remains contemporary.After four years of creation and presentation at Rua da Alegria in Lisbon, Foco Gallery is pleased to explore its new space in the city. \u2028A renovated car dealership now houses the main gallery, in the Intendente neighbourhood. The two floors connected by a car lift, and the massive window on the street give a new dimension to the gallery\u2019s projects.The original space at Rua da Alegria, will become the project space Focoff, with a parallel program that will be revealed soon\u2026","robots":{"index":"index","follow":"follow","max-snippet":"max-snippet:-1","max-image-preview":"max-image-preview:large","max-video-preview":"max-video-preview:-1"},"canonical":"https:\/\/galeriafoco.com\/pt\/exhibitions\/anacronismo-nao-datado\/","og_locale":"pt_PT","og_type":"article","og_title":"Galeria Foco &ndash; Anacronismo N\u00e3o Datado","og_description":"Foco Gallery is a nucleus and context for artistic and interdisciplinary engagement. Founded by Benjamin Gonthier, Foco Gallery promotes International and Portuguese artists working across media. Generating exhibitions, performances, and discourses, Foco Gallery remains contemporary.After four years of creation and presentation at Rua da Alegria in Lisbon, Foco Gallery is pleased to explore its new space in the city. \u2028A renovated car dealership now houses the main gallery, in the Intendente neighbourhood. The two floors connected by a car lift, and the massive window on the street give a new dimension to the gallery\u2019s projects.The original space at Rua da Alegria, will become the project space Focoff, with a parallel program that will be revealed soon\u2026","og_url":"https:\/\/galeriafoco.com\/pt\/exhibitions\/anacronismo-nao-datado\/","og_site_name":"Galeria Foco","article_publisher":"https:\/\/www.facebook.com\/galeriafoco","article_published_time":"2021-04-13T22:37:39+00:00","og_image":[{"width":2000,"height":1333,"url":"https:\/\/galeriafoco.com\/wp-content\/uploads\/01-1.jpg","type":"image\/jpeg"}],"author":"Studio2424-Foco","twitter_card":"summary_large_image","twitter_misc":{"Written by":"Studio2424-Foco"},"schema":{"@context":"https:\/\/schema.org","@graph":[{"@type":"Article","@id":"https:\/\/galeriafoco.com\/pt\/exhibitions\/anacronismo-nao-datado\/#article","isPartOf":{"@id":"https:\/\/galeriafoco.com\/pt\/exhibitions\/anacronismo-nao-datado\/"},"author":{"name":"Studio2424-Foco","@id":"https:\/\/galeriafoco.com\/pt\/#\/schema\/person\/d6e91bf1014b6642d405c820bf7826a4"},"headline":"Anacronismo N\u00e3o Datado","datePublished":"2021-04-13T22:37:39+00:00","dateModified":"2021-04-13T22:37:39+00:00","mainEntityOfPage":{"@id":"https:\/\/galeriafoco.com\/pt\/exhibitions\/anacronismo-nao-datado\/"},"wordCount":4,"commentCount":0,"publisher":{"@id":"https:\/\/galeriafoco.com\/pt\/#organization"},"articleSection":["Exhibitions"],"inLanguage":"pt","potentialAction":[{"@type":"CommentAction","name":"Comment","target":["https:\/\/galeriafoco.com\/pt\/exhibitions\/anacronismo-nao-datado\/#respond"]}]},{"@type":"WebPage","@id":"https:\/\/galeriafoco.com\/pt\/exhibitions\/anacronismo-nao-datado\/","url":"https:\/\/galeriafoco.com\/pt\/exhibitions\/anacronismo-nao-datado\/","name":"Galeria Foco &ndash; Anacronismo N\u00e3o Datado","isPartOf":{"@id":"https:\/\/galeriafoco.com\/pt\/#website"},"datePublished":"2021-04-13T22:37:39+00:00","dateModified":"2021-04-13T22:37:39+00:00","description":"Foco Gallery is a nucleus and context for artistic and interdisciplinary engagement. Founded by Benjamin Gonthier, Foco Gallery promotes International and Portuguese artists working across media. Generating exhibitions, performances, and discourses, Foco Gallery remains contemporary.After four years of creation and presentation at Rua da Alegria in Lisbon, Foco Gallery is pleased to explore its new space in the city. \u2028A renovated car dealership now houses the main gallery, in the Intendente neighbourhood. The two floors connected by a car lift, and the massive window on the street give a new dimension to the gallery\u2019s projects.The original space at Rua da Alegria, will become the project space Focoff, with a parallel program that will be revealed soon\u2026","breadcrumb":{"@id":"https:\/\/galeriafoco.com\/pt\/exhibitions\/anacronismo-nao-datado\/#breadcrumb"},"inLanguage":"pt","potentialAction":[{"@type":"ReadAction","target":["https:\/\/galeriafoco.com\/pt\/exhibitions\/anacronismo-nao-datado\/"]}]},{"@type":"BreadcrumbList","@id":"https:\/\/galeriafoco.com\/pt\/exhibitions\/anacronismo-nao-datado\/#breadcrumb","itemListElement":[{"@type":"ListItem","position":1,"name":"Home","item":"https:\/\/galeriafoco.com\/pt\/"},{"@type":"ListItem","position":2,"name":"Anacronismo N\u00e3o Datado"}]},{"@type":"WebSite","@id":"https:\/\/galeriafoco.com\/pt\/#website","url":"https:\/\/galeriafoco.com\/pt\/","name":"Galeria Foco","description":"Contemporary art gallery Lisbon","publisher":{"@id":"https:\/\/galeriafoco.com\/pt\/#organization"},"potentialAction":[{"@type":"SearchAction","target":{"@type":"EntryPoint","urlTemplate":"https:\/\/galeriafoco.com\/pt\/?s={search_term_string}"},"query-input":"required name=search_term_string"}],"inLanguage":"pt"},{"@type":"Organization","@id":"https:\/\/galeriafoco.com\/pt\/#organization","name":"Galerie Foco","url":"https:\/\/galeriafoco.com\/pt\/","logo":{"@type":"ImageObject","inLanguage":"pt","@id":"https:\/\/galeriafoco.com\/pt\/#\/schema\/logo\/image\/","url":"https:\/\/galeriafoco.com\/wp-content\/uploads\/logo_foco.png","contentUrl":"https:\/\/galeriafoco.com\/wp-content\/uploads\/logo_foco.png","width":9449,"height":9449,"caption":"Galerie Foco"},"image":{"@id":"https:\/\/galeriafoco.com\/pt\/#\/schema\/logo\/image\/"},"sameAs":["https:\/\/www.instagram.com\/galeriafoco\/","https:\/\/www.facebook.com\/galeriafoco"]},{"@type":"Person","@id":"https:\/\/galeriafoco.com\/pt\/#\/schema\/person\/d6e91bf1014b6642d405c820bf7826a4","name":"Studio2424-Foco","image":{"@type":"ImageObject","inLanguage":"pt","@id":"https:\/\/galeriafoco.com\/pt\/#\/schema\/person\/image\/","url":"https:\/\/secure.gravatar.com\/avatar\/6abbc6dd46aebb98a108895d7930db07?s=96&d=mm&r=g","contentUrl":"https:\/\/secure.gravatar.com\/avatar\/6abbc6dd46aebb98a108895d7930db07?s=96&d=mm&r=g","caption":"Studio2424-Foco"},"sameAs":["http:\/\/focolisboa.com\/foco2020"]}]}},"cats":[{"term_id":31,"name":"Exhibitions","slug":"exhibitions","term_group":0,"term_taxonomy_id":31,"taxonomy":"category","description":"","parent":0,"count":62,"filter":"raw","cat_ID":31,"category_count":62,"category_description":"","cat_name":"Exhibitions","category_nicename":"exhibitions","category_parent":0}],"next_post":4067,"previous_post":4065,"_links":{"self":[{"href":"https:\/\/galeriafoco.com\/pt\/wp-json\/wp\/v2\/posts\/4066"}],"collection":[{"href":"https:\/\/galeriafoco.com\/pt\/wp-json\/wp\/v2\/posts"}],"about":[{"href":"https:\/\/galeriafoco.com\/pt\/wp-json\/wp\/v2\/types\/post"}],"author":[{"embeddable":true,"href":"https:\/\/galeriafoco.com\/pt\/wp-json\/wp\/v2\/users\/1"}],"replies":[{"embeddable":true,"href":"https:\/\/galeriafoco.com\/pt\/wp-json\/wp\/v2\/comments?post=4066"}],"version-history":[{"count":0,"href":"https:\/\/galeriafoco.com\/pt\/wp-json\/wp\/v2\/posts\/4066\/revisions"}],"wp:attachment":[{"href":"https:\/\/galeriafoco.com\/pt\/wp-json\/wp\/v2\/media?parent=4066"}],"wp:term":[{"taxonomy":"category","embeddable":true,"href":"https:\/\/galeriafoco.com\/pt\/wp-json\/wp\/v2\/categories?post=4066"},{"taxonomy":"post_tag","embeddable":true,"href":"https:\/\/galeriafoco.com\/pt\/wp-json\/wp\/v2\/tags?post=4066"}],"curies":[{"name":"wp","href":"https:\/\/api.w.org\/{rel}","templated":true}]}}